{"id":2720,"date":"2026-01-20T19:06:02","date_gmt":"2026-01-20T18:06:02","guid":{"rendered":"http:\/\/ecole-ndclarte.fr\/?p=2720"},"modified":"2026-01-21T18:38:12","modified_gmt":"2026-01-21T17:38:12","slug":"classe-de-neige-jour-2","status":"publish","type":"post","link":"http:\/\/ecole-ndclarte.fr\/index.php\/2026\/01\/20\/classe-de-neige-jour-2\/","title":{"rendered":"Classe de neige-jour 2"},"content":{"rendered":"<p>[et_pb_section fb_built=\u00a0\u00bb1&Prime; _builder_version=\u00a0\u00bb4.6.6&Prime; _module_preset=\u00a0\u00bbdefault\u00a0\u00bb][et_pb_row column_structure=\u00a0\u00bb2_5,3_5&Prime; _builder_version=\u00a0\u00bb4.6.6&Prime; _module_preset=\u00a0\u00bbdefault\u00a0\u00bb][et_pb_column type=\u00a0\u00bb2_5&Prime; _builder_version=\u00a0\u00bb4.6.6&Prime; _module_preset=\u00a0\u00bbdefault\u00a0\u00bb][et_pb_text _builder_version=\u00a0\u00bb4.6.6&Prime; _module_preset=\u00a0\u00bbdefault\u00a0\u00bb]<\/p>\n<p style=\"font-weight: 400;\">Ce matin on s\u2019est lev\u00e9s \u00e0 7H40 pour se pr\u00e9parer et prendre le petit d\u00e9jeuner. C\u2019\u00e9tait un buffet \u00e0 volont\u00e9 avec du saucisson et du fromage, des c\u00e9r\u00e9ales, de la salade de fruits, de la compote, du fromage blanc, de la brioche \u2026 C\u2019\u00e9tait trop bon.<\/p>\n<p style=\"font-weight: 400;\">Puis on est partis en car pour faire une journ\u00e9e \u00ab\u00a0trappeurs\u00a0\u00bb\u00a0: balade en raquettes (pas celles pour jouer au tennis) au Pont d\u2019Espagne avec Yohann, Jojo, Tobias, Thelma et St\u00e9phane.<\/p>\n<p style=\"font-weight: 400;\">On est pass\u00e9 dans le foret, on a vu des cascades magnifiques, les arbres \u00e9taient enneig\u00e9s. On est mont\u00e9s, mont\u00e9s, mont\u00e9s, c\u2019\u00e9tait un peu fatiguant mais le paysage \u00e9tait incroyablement beau.<\/p>\n<p style=\"font-weight: 400;\">Apr\u00e8s le sport, le r\u00e9confort, le pique-nique et surtout les jeux dans la neige poudreuse\u00a0! Tout le monde se roulait dans la neige et faisait des batailles de boules de neige, des glissades et des bonhommes de neige.<\/p>\n<p style=\"font-weight: 400;\">Puis on s\u2019est rassembl\u00e9s pour faire un igloo g\u00e9ant\u00a0! On a fait des briques de neige, des enfants les apportaient aux encadrants qui construisaient les murs et d\u2019autres ma\u00e7onnaient l\u2019igloo. Quel travail\u00a0! Une fois l\u2019igloo construit, on est presque tous all\u00e9s dedans en m\u00eame temps, c\u2019\u00e9tait magique\u00a0! Il \u00e9tait temps de rentrer, la descente \u00e9tait plus facile que la mont\u00e9e, surtout avec les toboggans de neige mais on s\u2019est plusieurs fois enfonc\u00e9s dans la poudreuse.<\/p>\n<p style=\"font-weight: 400;\">La route pour rentrer \u00e9tait sinueuse, on \u00e9tait tremp\u00e9s, fatigu\u00e9s mais \u00e9merveill\u00e9s de cette journ\u00e9e.<\/p>\n<p style=\"font-weight: 400;\">Le gouter et les douches ont \u00e9t\u00e9 appr\u00e9ci\u00e9s\u00a0!<\/p>\n<p style=\"font-weight: 400;\">Ce soir on fera une soir\u00e9e Quizz et demain SKI\u00a0!<\/p>\n<p>[\/et_pb_text][\/et_pb_column][et_pb_column type=\u00a0\u00bb3_5&Prime; _builder_version=\u00a0\u00bb4.6.6&Prime; _module_preset=\u00a0\u00bbdefault\u00a0\u00bb][et_pb_gallery gallery_ids=\u00a0\u00bb2771,2770,2769,2768,2767,2766,2765,2764,2763,2762,2761,2760,2759,2758,2757,2756,2755,2754,2753,2752,2751,2750,2749,2748,2747,2746,2745,2744,2743,2742,2741,2740,2739,2738,2737,2736,2735,2734,2733,2732,2731,2730,2729,2728,2727,2726,2725,2818,2817,2816,2815,2814,2813,2812,2811,2810,2809,2808,2807,2806,2805,2804,2803,2802,2801,2800,2799,2798,2797,2796,2795,2794,2793,2792,2791,2790,2789,2788,2787,2786,2785,2784,2783,2782&Prime; fullwidth=\u00a0\u00bbon\u00a0\u00bb _builder_version=\u00a0\u00bb4.6.6&Prime; _module_preset=\u00a0\u00bbdefault\u00a0\u00bb custom_margin=\u00a0\u00bb||-112px|||\u00a0\u00bb custom_padding=\u00a0\u00bb||108px|||\u00a0\u00bb auto=\u00a0\u00bbon\u00a0\u00bb auto_speed=\u00a0\u00bb2500&Prime; hover_enabled=\u00a0\u00bb0&Prime; sticky_enabled=\u00a0\u00bb0&Prime;][\/et_pb_gallery][\/et_pb_column][\/et_pb_row][\/et_pb_section]<\/p>\n","protected":false},"excerpt":{"rendered":"<p>[et_pb_section fb_built=\u00a0\u00bb1&Prime; _builder_version=\u00a0\u00bb4.6.6&Prime; _module_preset=\u00a0\u00bbdefault\u00a0\u00bb][et_pb_row column_structure=\u00a0\u00bb2_5,3_5&Prime; _builder_version=\u00a0\u00bb4.6.6&Prime; _module_preset=\u00a0\u00bbdefault\u00a0\u00bb][et_pb_column type=\u00a0\u00bb2_5&Prime; _builder_version=\u00a0\u00bb4.6.6&Prime; _module_preset=\u00a0\u00bbdefault\u00a0\u00bb][et_pb_text _builder_version=\u00a0\u00bb4.6.6&Prime; _module_preset=\u00a0\u00bbdefault\u00a0\u00bb] Ce matin on s\u2019est lev\u00e9s \u00e0 7H40 pour se pr\u00e9parer et prendre le petit d\u00e9jeuner. C\u2019\u00e9tait un buffet \u00e0 volont\u00e9 avec du saucisson et du fromage, des c\u00e9r\u00e9ales, de la salade de fruits, de la compote, du fromage blanc, de la brioche \u2026 [&hellip;]<\/p>\n","protected":false},"author":8,"featured_media":2770,"comment_status":"closed","ping_status":"closed","sticky":false,"template":"","format":"standard","meta":{"_et_pb_use_builder":"on","_et_pb_old_content":"","_et_gb_content_width":""},"categories":[6],"tags":[],"_links":{"self":[{"href":"http:\/\/ecole-ndclarte.fr\/index.php\/wp-json\/wp\/v2\/posts\/2720"}],"collection":[{"href":"http:\/\/ecole-ndclarte.fr\/index.php\/wp-json\/wp\/v2\/posts"}],"about":[{"href":"http:\/\/ecole-ndclarte.fr\/index.php\/wp-json\/wp\/v2\/types\/post"}],"author":[{"embeddable":true,"href":"http:\/\/ecole-ndclarte.fr\/index.php\/wp-json\/wp\/v2\/users\/8"}],"replies":[{"embeddable":true,"href":"http:\/\/ecole-ndclarte.fr\/index.php\/wp-json\/wp\/v2\/comments?post=2720"}],"version-history":[{"count":6,"href":"http:\/\/ecole-ndclarte.fr\/index.php\/wp-json\/wp\/v2\/posts\/2720\/revisions"}],"predecessor-version":[{"id":2819,"href":"http:\/\/ecole-ndclarte.fr\/index.php\/wp-json\/wp\/v2\/posts\/2720\/revisions\/2819"}],"wp:featuredmedia":[{"embeddable":true,"href":"http:\/\/ecole-ndclarte.fr\/index.php\/wp-json\/wp\/v2\/media\/2770"}],"wp:attachment":[{"href":"http:\/\/ecole-ndclarte.fr\/index.php\/wp-json\/wp\/v2\/media?parent=2720"}],"wp:term":[{"taxonomy":"category","embeddable":true,"href":"http:\/\/ecole-ndclarte.fr\/index.php\/wp-json\/wp\/v2\/categories?post=2720"},{"taxonomy":"post_tag","embeddable":true,"href":"http:\/\/ecole-ndclarte.fr\/index.php\/wp-json\/wp\/v2\/tags?post=2720"}],"curies":[{"name":"wp","href":"https:\/\/api.w.org\/{rel}","templated":true}]}}