{"id":2447,"date":"2024-10-17T19:51:34","date_gmt":"2024-10-17T17:51:34","guid":{"rendered":"http:\/\/ecole-ndclarte.fr\/?p=2447"},"modified":"2024-11-26T18:57:58","modified_gmt":"2024-11-26T17:57:58","slug":"catamaran-et-kayak-a-sainte-marine","status":"publish","type":"post","link":"http:\/\/ecole-ndclarte.fr\/index.php\/2024\/10\/17\/catamaran-et-kayak-a-sainte-marine\/","title":{"rendered":"Catamaran et kayak \u00e0 Sainte Marine"},"content":{"rendered":"<p>[et_pb_section fb_built=\u00a0\u00bb1&Prime; _builder_version=\u00a0\u00bb4.6.6&Prime; _module_preset=\u00a0\u00bbdefault\u00a0\u00bb][et_pb_row column_structure=\u00a0\u00bb1_2,1_2&Prime; _builder_version=\u00a0\u00bb4.6.6&Prime; _module_preset=\u00a0\u00bbdefault\u00a0\u00bb][et_pb_column type=\u00a0\u00bb1_2&Prime; _builder_version=\u00a0\u00bb4.6.6&Prime; _module_preset=\u00a0\u00bbdefault\u00a0\u00bb][et_pb_text _builder_version=\u00a0\u00bb4.6.6&Prime; _module_preset=\u00a0\u00bbdefault\u00a0\u00bb]<\/p>\n<p>Nous, les CM1 CM2, avons fait 2 s\u00e9ances de kayak et de catamaran au centre nautique de Sainte Marine. Normalement nous devions faire une s\u00e9ance de plus mais elle a \u00e9t\u00e9 annul\u00e9e \u00e0 cause de la tempete.<\/p>\n<p>Toute la journ\u00e9e, nous \u00e9tions sur l&rsquo;eau sauf le midi o\u00f9 nous pique-niquions dans le parc de Kerobistin \u00e0 c\u00f4t\u00e9 de la plage.<\/p>\n<p>Le matin nous arrivions directement au centre nautique puis nous allions sur l&rsquo;eau.<\/p>\n<p>Nous avons vraiment bien aim\u00e9 ces deux journ\u00e9es sur l&rsquo;eau. On a h\u00e2te d&rsquo;y retourner au printemps !<\/p>\n<p>[\/et_pb_text][\/et_pb_column][et_pb_column type=\u00a0\u00bb1_2&Prime; _builder_version=\u00a0\u00bb4.6.6&Prime; _module_preset=\u00a0\u00bbdefault\u00a0\u00bb][et_pb_gallery gallery_ids=\u00a0\u00bb2544,2543,2542,2540,2539,2538,2537,2535,2534,2533,2532,2531,2530,2529,2528,2527,2526,2525,2524,2523,2522,2521,2520,2519,2518,2516,2515,2514,2513,2511,2510&Prime; fullwidth=\u00a0\u00bbon\u00a0\u00bb _builder_version=\u00a0\u00bb4.6.6&Prime; _module_preset=\u00a0\u00bbdefault\u00a0\u00bb auto=\u00a0\u00bbon\u00a0\u00bb auto_speed=\u00a0\u00bb2500&Prime;][\/et_pb_gallery][\/et_pb_column][\/et_pb_row][\/et_pb_section]<\/p>\n","protected":false},"excerpt":{"rendered":"<p>[et_pb_section fb_built=\u00a0\u00bb1&Prime; _builder_version=\u00a0\u00bb4.6.6&Prime; _module_preset=\u00a0\u00bbdefault\u00a0\u00bb][et_pb_row column_structure=\u00a0\u00bb1_2,1_2&Prime; _builder_version=\u00a0\u00bb4.6.6&Prime; _module_preset=\u00a0\u00bbdefault\u00a0\u00bb][et_pb_column type=\u00a0\u00bb1_2&Prime; _builder_version=\u00a0\u00bb4.6.6&Prime; _module_preset=\u00a0\u00bbdefault\u00a0\u00bb][et_pb_text _builder_version=\u00a0\u00bb4.6.6&Prime; _module_preset=\u00a0\u00bbdefault\u00a0\u00bb] Nous, les CM1 CM2, avons fait 2 s\u00e9ances de kayak et de catamaran au centre nautique de Sainte Marine. Normalement nous devions faire une s\u00e9ance de plus mais elle a \u00e9t\u00e9 annul\u00e9e \u00e0 cause de la tempete. Toute la journ\u00e9e, nous \u00e9tions sur [&hellip;]<\/p>\n","protected":false},"author":8,"featured_media":2559,"comment_status":"closed","ping_status":"closed","sticky":false,"template":"","format":"standard","meta":{"_et_pb_use_builder":"on","_et_pb_old_content":"","_et_gb_content_width":""},"categories":[6],"tags":[],"_links":{"self":[{"href":"http:\/\/ecole-ndclarte.fr\/index.php\/wp-json\/wp\/v2\/posts\/2447"}],"collection":[{"href":"http:\/\/ecole-ndclarte.fr\/index.php\/wp-json\/wp\/v2\/posts"}],"about":[{"href":"http:\/\/ecole-ndclarte.fr\/index.php\/wp-json\/wp\/v2\/types\/post"}],"author":[{"embeddable":true,"href":"http:\/\/ecole-ndclarte.fr\/index.php\/wp-json\/wp\/v2\/users\/8"}],"replies":[{"embeddable":true,"href":"http:\/\/ecole-ndclarte.fr\/index.php\/wp-json\/wp\/v2\/comments?post=2447"}],"version-history":[{"count":9,"href":"http:\/\/ecole-ndclarte.fr\/index.php\/wp-json\/wp\/v2\/posts\/2447\/revisions"}],"predecessor-version":[{"id":2567,"href":"http:\/\/ecole-ndclarte.fr\/index.php\/wp-json\/wp\/v2\/posts\/2447\/revisions\/2567"}],"wp:featuredmedia":[{"embeddable":true,"href":"http:\/\/ecole-ndclarte.fr\/index.php\/wp-json\/wp\/v2\/media\/2559"}],"wp:attachment":[{"href":"http:\/\/ecole-ndclarte.fr\/index.php\/wp-json\/wp\/v2\/media?parent=2447"}],"wp:term":[{"taxonomy":"category","embeddable":true,"href":"http:\/\/ecole-ndclarte.fr\/index.php\/wp-json\/wp\/v2\/categories?post=2447"},{"taxonomy":"post_tag","embeddable":true,"href":"http:\/\/ecole-ndclarte.fr\/index.php\/wp-json\/wp\/v2\/tags?post=2447"}],"curies":[{"name":"wp","href":"https:\/\/api.w.org\/{rel}","templated":true}]}}