{"id":2442,"date":"2024-10-15T19:16:19","date_gmt":"2024-10-15T17:16:19","guid":{"rendered":"http:\/\/ecole-ndclarte.fr\/?p=2442"},"modified":"2024-11-25T23:16:35","modified_gmt":"2024-11-25T22:16:35","slug":"ecole-dehors","status":"publish","type":"post","link":"http:\/\/ecole-ndclarte.fr\/index.php\/2024\/10\/15\/ecole-dehors\/","title":{"rendered":"Ecole dehors"},"content":{"rendered":"<p>[et_pb_section fb_built=\u00a0\u00bb1&Prime; _builder_version=\u00a0\u00bb4.6.6&Prime; _module_preset=\u00a0\u00bbdefault\u00a0\u00bb][et_pb_row column_structure=\u00a0\u00bb1_2,1_2&Prime; _builder_version=\u00a0\u00bb4.6.6&Prime; _module_preset=\u00a0\u00bbdefault\u00a0\u00bb][et_pb_column type=\u00a0\u00bb1_2&Prime; _builder_version=\u00a0\u00bb4.6.6&Prime; _module_preset=\u00a0\u00bbdefault\u00a0\u00bb][et_pb_text _builder_version=\u00a0\u00bb4.6.6&Prime; _module_preset=\u00a0\u00bbdefault\u00a0\u00bb text_font_size=\u00a0\u00bb17px\u00a0\u00bb]<\/p>\n<p>Au cours des mois de septembre et octobre nous avons fait plusieurs sorties sur le Polder et au Bois de Roscour\u00e9 avec Steven de la COMCOM. Nous avons observ\u00e9, imagin\u00e9, dessin\u00e9, \u00e9tudi\u00e9, march\u00e9 &#8230;<span style=\"font-size: 14px;\">\u00a0<\/span><\/p>\n<p>Apr\u00e8s plusieurs sorties nous avons restitu\u00e9 aux \u00e9l\u00e8ves de CP et CE1 tout ce qu&rsquo;on avait appris. Nous avons donc fait des ateliers dans lesquels les plus jeunes ont profit\u00e9 de toutes nos connaissances. C&rsquo;\u00e9tait un beau moment d&rsquo;\u00e9changes et d&rsquo;\u00e9coute !<\/p>\n<p>Nous terminerons en plantant des arbres sur le Polder. La s\u00e9ance a \u00e9t\u00e9 retard\u00e9e car l&rsquo;automne peine \u00e0 s&rsquo;installer.<\/p>\n<p>Le travail sur l&rsquo;Aire Terrestre Educative mis \u00e0 disposition par la mairie a repris. Anouck est venue et nous avons red\u00e9couvert ce bel endroit. A nous d&rsquo;imaginer la suite &#8230;<\/p>\n<p>&nbsp;<\/p>\n<p>&nbsp;<\/p>\n<p>&nbsp;<\/p>\n<p>&nbsp;<\/p>\n<p>&nbsp;<\/p>\n<p>&nbsp;<\/p>\n<p>&nbsp;<\/p>\n<p>[\/et_pb_text][\/et_pb_column][et_pb_column type=\u00a0\u00bb1_2&Prime; _builder_version=\u00a0\u00bb4.6.6&Prime; _module_preset=\u00a0\u00bbdefault\u00a0\u00bb][et_pb_gallery gallery_ids=\u00a0\u00bb2506,2505,2504,2503,2502,2501,2500,2499,2498,2494,2493,2492,2491,2489,2488,2485,2484,2483,2482,2481,2480,2479,2478,2476,2474,2473,2472,2471,2470,2469,2468,2467,2466,2465,2464,2463,2462,2461,2460,2459&Prime; fullwidth=\u00a0\u00bbon\u00a0\u00bb _builder_version=\u00a0\u00bb4.6.6&Prime; _module_preset=\u00a0\u00bbdefault\u00a0\u00bb auto=\u00a0\u00bbon\u00a0\u00bb auto_speed=\u00a0\u00bb2500&Prime;][\/et_pb_gallery][\/et_pb_column][\/et_pb_row][\/et_pb_section]<\/p>\n","protected":false},"excerpt":{"rendered":"<p>[et_pb_section fb_built=\u00a0\u00bb1&Prime; _builder_version=\u00a0\u00bb4.6.6&Prime; _module_preset=\u00a0\u00bbdefault\u00a0\u00bb][et_pb_row column_structure=\u00a0\u00bb1_2,1_2&Prime; _builder_version=\u00a0\u00bb4.6.6&Prime; _module_preset=\u00a0\u00bbdefault\u00a0\u00bb][et_pb_column type=\u00a0\u00bb1_2&Prime; _builder_version=\u00a0\u00bb4.6.6&Prime; _module_preset=\u00a0\u00bbdefault\u00a0\u00bb][et_pb_text _builder_version=\u00a0\u00bb4.6.6&Prime; _module_preset=\u00a0\u00bbdefault\u00a0\u00bb text_font_size=\u00a0\u00bb17px\u00a0\u00bb] Au cours des mois de septembre et octobre nous avons fait plusieurs sorties sur le Polder et au Bois de Roscour\u00e9 avec Steven de la COMCOM. Nous avons observ\u00e9, imagin\u00e9, dessin\u00e9, \u00e9tudi\u00e9, march\u00e9 &#8230;\u00a0 Apr\u00e8s plusieurs sorties nous avons restitu\u00e9 aux \u00e9l\u00e8ves [&hellip;]<\/p>\n","protected":false},"author":8,"featured_media":2562,"comment_status":"closed","ping_status":"closed","sticky":false,"template":"","format":"standard","meta":{"_et_pb_use_builder":"on","_et_pb_old_content":"","_et_gb_content_width":""},"categories":[6],"tags":[],"_links":{"self":[{"href":"http:\/\/ecole-ndclarte.fr\/index.php\/wp-json\/wp\/v2\/posts\/2442"}],"collection":[{"href":"http:\/\/ecole-ndclarte.fr\/index.php\/wp-json\/wp\/v2\/posts"}],"about":[{"href":"http:\/\/ecole-ndclarte.fr\/index.php\/wp-json\/wp\/v2\/types\/post"}],"author":[{"embeddable":true,"href":"http:\/\/ecole-ndclarte.fr\/index.php\/wp-json\/wp\/v2\/users\/8"}],"replies":[{"embeddable":true,"href":"http:\/\/ecole-ndclarte.fr\/index.php\/wp-json\/wp\/v2\/comments?post=2442"}],"version-history":[{"count":6,"href":"http:\/\/ecole-ndclarte.fr\/index.php\/wp-json\/wp\/v2\/posts\/2442\/revisions"}],"predecessor-version":[{"id":2563,"href":"http:\/\/ecole-ndclarte.fr\/index.php\/wp-json\/wp\/v2\/posts\/2442\/revisions\/2563"}],"wp:featuredmedia":[{"embeddable":true,"href":"http:\/\/ecole-ndclarte.fr\/index.php\/wp-json\/wp\/v2\/media\/2562"}],"wp:attachment":[{"href":"http:\/\/ecole-ndclarte.fr\/index.php\/wp-json\/wp\/v2\/media?parent=2442"}],"wp:term":[{"taxonomy":"category","embeddable":true,"href":"http:\/\/ecole-ndclarte.fr\/index.php\/wp-json\/wp\/v2\/categories?post=2442"},{"taxonomy":"post_tag","embeddable":true,"href":"http:\/\/ecole-ndclarte.fr\/index.php\/wp-json\/wp\/v2\/tags?post=2442"}],"curies":[{"name":"wp","href":"https:\/\/api.w.org\/{rel}","templated":true}]}}