{"id":1370,"date":"2022-11-29T18:03:26","date_gmt":"2022-11-29T17:03:26","guid":{"rendered":"http:\/\/ecole-ndclarte.fr\/?p=1370"},"modified":"2022-11-29T18:03:59","modified_gmt":"2022-11-29T17:03:59","slug":"semaine-de-voile","status":"publish","type":"post","link":"http:\/\/ecole-ndclarte.fr\/index.php\/2022\/11\/29\/semaine-de-voile\/","title":{"rendered":"Semaine de voile"},"content":{"rendered":"<p>[et_pb_section fb_built=\u00a0\u00bb1&Prime; _builder_version=\u00a0\u00bb4.6.6&Prime; _module_preset=\u00a0\u00bbdefault\u00a0\u00bb custom_margin=\u00a0\u00bb-237px|||||\u00a0\u00bb][et_pb_row _builder_version=\u00a0\u00bb4.6.6&Prime; _module_preset=\u00a0\u00bbdefault\u00a0\u00bb column_structure=\u00a0\u00bb2_5,3_5&Prime;][et_pb_column _builder_version=\u00a0\u00bb4.6.6&Prime; _module_preset=\u00a0\u00bbdefault\u00a0\u00bb type=\u00a0\u00bb2_5&Prime;][\/et_pb_column][et_pb_column _builder_version=\u00a0\u00bb4.6.6&Prime; _module_preset=\u00a0\u00bbdefault\u00a0\u00bb type=\u00a0\u00bb3_5&Prime;][et_pb_text _builder_version=\u00a0\u00bb4.6.6&Prime; _module_preset=\u00a0\u00bbdefault\u00a0\u00bb hover_enabled=\u00a0\u00bb0&Prime; sticky_enabled=\u00a0\u00bb0&Prime; custom_margin=\u00a0\u00bb|||-315px||\u00a0\u00bb]<\/p>\n<p>La voile \u00e0 l\u2019\u00e9cole<br \/> Mardi 20, 22 et 23 septembre, nous sommes all\u00e9s au centre nautique de Sainte Marine pour faire de la voile.<br \/> Nous \u00e9tions divis\u00e9s en trois groupes et nos moniteurs<br \/> s\u2019appelaient Br\u00e9va\u00ebl, Rapha\u00ebl et S\u00e9bastien.<br \/> Dans chaque groupe nous avons fait deux s\u00e9ances de kayak et quatre s\u00e9ances de catamaran, avec pique-nique le midi. Le matin nous partions \u00e0 9:00 de l&rsquo;\u00e9cole en car et nous revenions \u00e0 16:30 en car aussi.<br \/> Ce que nous avons retenu est l&rsquo;entraide en mer.<\/p>\n<p>Luna et Juliette pour les CM1\/CM2<\/p>\n<p>[\/et_pb_text][\/et_pb_column][\/et_pb_row][\/et_pb_section]<\/p>\n","protected":false},"excerpt":{"rendered":"<p>[et_pb_section fb_built=\u00a0\u00bb1&Prime; _builder_version=\u00a0\u00bb4.6.6&Prime; _module_preset=\u00a0\u00bbdefault\u00a0\u00bb custom_margin=\u00a0\u00bb-237px|||||\u00a0\u00bb][et_pb_row _builder_version=\u00a0\u00bb4.6.6&Prime; _module_preset=\u00a0\u00bbdefault\u00a0\u00bb column_structure=\u00a0\u00bb2_5,3_5&Prime;][et_pb_column _builder_version=\u00a0\u00bb4.6.6&Prime; _module_preset=\u00a0\u00bbdefault\u00a0\u00bb type=\u00a0\u00bb2_5&Prime;][\/et_pb_column][et_pb_column _builder_version=\u00a0\u00bb4.6.6&Prime; _module_preset=\u00a0\u00bbdefault\u00a0\u00bb type=\u00a0\u00bb3_5&Prime;][et_pb_text _builder_version=\u00a0\u00bb4.6.6&Prime; _module_preset=\u00a0\u00bbdefault\u00a0\u00bb hover_enabled=\u00a0\u00bb0&Prime; sticky_enabled=\u00a0\u00bb0&Prime; custom_margin=\u00a0\u00bb|||-315px||\u00a0\u00bb] La voile \u00e0 l\u2019\u00e9cole Mardi 20, 22 et 23 septembre, nous sommes all\u00e9s au centre nautique de Sainte Marine pour faire de la voile. Nous \u00e9tions divis\u00e9s en trois groupes et nos moniteurs s\u2019appelaient Br\u00e9va\u00ebl, Rapha\u00ebl [&hellip;]<\/p>\n","protected":false},"author":8,"featured_media":482,"comment_status":"closed","ping_status":"closed","sticky":false,"template":"","format":"standard","meta":{"_et_pb_use_builder":"on","_et_pb_old_content":"","_et_gb_content_width":""},"categories":[6],"tags":[],"_links":{"self":[{"href":"http:\/\/ecole-ndclarte.fr\/index.php\/wp-json\/wp\/v2\/posts\/1370"}],"collection":[{"href":"http:\/\/ecole-ndclarte.fr\/index.php\/wp-json\/wp\/v2\/posts"}],"about":[{"href":"http:\/\/ecole-ndclarte.fr\/index.php\/wp-json\/wp\/v2\/types\/post"}],"author":[{"embeddable":true,"href":"http:\/\/ecole-ndclarte.fr\/index.php\/wp-json\/wp\/v2\/users\/8"}],"replies":[{"embeddable":true,"href":"http:\/\/ecole-ndclarte.fr\/index.php\/wp-json\/wp\/v2\/comments?post=1370"}],"version-history":[{"count":3,"href":"http:\/\/ecole-ndclarte.fr\/index.php\/wp-json\/wp\/v2\/posts\/1370\/revisions"}],"predecessor-version":[{"id":1374,"href":"http:\/\/ecole-ndclarte.fr\/index.php\/wp-json\/wp\/v2\/posts\/1370\/revisions\/1374"}],"wp:featuredmedia":[{"embeddable":true,"href":"http:\/\/ecole-ndclarte.fr\/index.php\/wp-json\/wp\/v2\/media\/482"}],"wp:attachment":[{"href":"http:\/\/ecole-ndclarte.fr\/index.php\/wp-json\/wp\/v2\/media?parent=1370"}],"wp:term":[{"taxonomy":"category","embeddable":true,"href":"http:\/\/ecole-ndclarte.fr\/index.php\/wp-json\/wp\/v2\/categories?post=1370"},{"taxonomy":"post_tag","embeddable":true,"href":"http:\/\/ecole-ndclarte.fr\/index.php\/wp-json\/wp\/v2\/tags?post=1370"}],"curies":[{"name":"wp","href":"https:\/\/api.w.org\/{rel}","templated":true}]}}