{"id":1059,"date":"2021-06-10T13:31:11","date_gmt":"2021-06-10T11:31:11","guid":{"rendered":"http:\/\/ecole-ndclarte.fr\/?p=1059"},"modified":"2021-06-10T14:27:06","modified_gmt":"2021-06-10T12:27:06","slug":"semaine-des-arts-et-de-la-culture","status":"publish","type":"post","link":"http:\/\/ecole-ndclarte.fr\/index.php\/2021\/06\/10\/semaine-des-arts-et-de-la-culture\/","title":{"rendered":"Semaine des arts et de la culture"},"content":{"rendered":"\n[et_pb_section fb_built=\u00a0\u00bb1&Prime; _builder_version=\u00a0\u00bb4.6.6&Prime; _module_preset=\u00a0\u00bbdefault\u00a0\u00bb][et_pb_row _builder_version=\u00a0\u00bb4.6.6&Prime; _module_preset=\u00a0\u00bbdefault\u00a0\u00bb][et_pb_column _builder_version=\u00a0\u00bb4.6.6&Prime; _module_preset=\u00a0\u00bbdefault\u00a0\u00bb type=\u00a0\u00bb4_4&Prime;][et_pb_text _builder_version=\u00a0\u00bb4.6.6&Prime; _module_preset=\u00a0\u00bbdefault\u00a0\u00bb hover_enabled=\u00a0\u00bb0&Prime; sticky_enabled=\u00a0\u00bb0&Prime;]<p>&nbsp;<\/p>\n<p style=\"text-align: justify;\"><strong>Du 25 au 28 mai 2021, toute l&rsquo;\u00e9cole a v\u00e9cu une riche semaine consacr\u00e9e aux Arts et \u00e0 la Culture.<\/strong><\/p>\n<p style=\"text-align: justify;\"><strong>Voici ce temps fort racont\u00e9 par les enfants :<\/strong><\/p>\n<p><iframe loading=\"lazy\" title=\"Semaine des arts et de la culture\" src=\"https:\/\/player.vimeo.com\/video\/560805972?dnt=1&amp;app_id=122963\" width=\"568\" height=\"320\" frameborder=\"0\" allow=\"autoplay; fullscreen; picture-in-picture\" allowfullscreen><\/iframe><\/p>\n[\/et_pb_text][\/et_pb_column][\/et_pb_row][\/et_pb_section]\n","protected":false},"excerpt":{"rendered":"","protected":false},"author":2,"featured_media":1065,"comment_status":"open","ping_status":"open","sticky":false,"template":"","format":"standard","meta":{"_et_pb_use_builder":"on","_et_pb_old_content":"","_et_gb_content_width":""},"categories":[6],"tags":[],"_links":{"self":[{"href":"http:\/\/ecole-ndclarte.fr\/index.php\/wp-json\/wp\/v2\/posts\/1059"}],"collection":[{"href":"http:\/\/ecole-ndclarte.fr\/index.php\/wp-json\/wp\/v2\/posts"}],"about":[{"href":"http:\/\/ecole-ndclarte.fr\/index.php\/wp-json\/wp\/v2\/types\/post"}],"author":[{"embeddable":true,"href":"http:\/\/ecole-ndclarte.fr\/index.php\/wp-json\/wp\/v2\/users\/2"}],"replies":[{"embeddable":true,"href":"http:\/\/ecole-ndclarte.fr\/index.php\/wp-json\/wp\/v2\/comments?post=1059"}],"version-history":[{"count":3,"href":"http:\/\/ecole-ndclarte.fr\/index.php\/wp-json\/wp\/v2\/posts\/1059\/revisions"}],"predecessor-version":[{"id":1066,"href":"http:\/\/ecole-ndclarte.fr\/index.php\/wp-json\/wp\/v2\/posts\/1059\/revisions\/1066"}],"wp:featuredmedia":[{"embeddable":true,"href":"http:\/\/ecole-ndclarte.fr\/index.php\/wp-json\/wp\/v2\/media\/1065"}],"wp:attachment":[{"href":"http:\/\/ecole-ndclarte.fr\/index.php\/wp-json\/wp\/v2\/media?parent=1059"}],"wp:term":[{"taxonomy":"category","embeddable":true,"href":"http:\/\/ecole-ndclarte.fr\/index.php\/wp-json\/wp\/v2\/categories?post=1059"},{"taxonomy":"post_tag","embeddable":true,"href":"http:\/\/ecole-ndclarte.fr\/index.php\/wp-json\/wp\/v2\/tags?post=1059"}],"curies":[{"name":"wp","href":"https:\/\/api.w.org\/{rel}","templated":true}]}}